{"id":37126,"__str__":"Mo\u00e7\u00e3o n\u00ba 6 de 2026","link_detail_backend":"/materia/37126","metadata":{},"numero":6,"ano":2026,"numero_protocolo":null,"data_apresentacao":"2026-02-09","tipo_apresentacao":"E","data_publicacao":null,"numero_origem_externa":"","ano_origem_externa":null,"data_origem_externa":null,"apelido":"","dias_prazo":null,"data_fim_prazo":null,"em_tramitacao":false,"polemica":false,"objeto":"","complementar":false,"ementa":"MO\u00c7\u00c3O DE PESAR, AOS FAMILIARES E AMIGOS POR UM M\u00caS DO FALECIMENTO DOS JOVENS NEILA SANTOS E ARNOLD SANTOS, QUE FALECERAM NO DIA 08 DE JANEIRO\r\nDESTE ANO.\r\n(AUTORIA: VEREADORA IVANIRA FIGUEIRA)","indexacao":"MO\u00c7\u00c3O DE PESAR, AOS FAMILIARES E AMIGOS POR UM M\u00caS DO FALECIMENTO DOS JOVENS NEILA SANTOS E ARNOLD SANTOS, QUE FALECERAM NO DIA 08 DE JANEIRO\r\nDESTE ANO.\r\n(AUTORIA: VEREADORA IVANIRA FIGUEIRA)","observacao":"","resultado":"","texto_original":"http://sapl.santarem.pa.leg.br/media/sapl/public/materialegislativa/2026/37126/moc_06_2026_019_ivanira_falecimento_jovem.pdf","data_ultima_atualizacao":"2026-04-03T16:00:58.240587-03:00","ip":"177.130.49.77","ultima_edicao":"2026-02-25T15:03:31.691217-03:00","tipo":7,"regime_tramitacao":1,"tipo_origem_externa":null,"local_origem_externa":null,"user":87,"anexadas":[],"autores":[134]}