{"id":37834,"__str__":"Indica\u00e7\u00e3o n\u00ba 262 de 2026","link_detail_backend":"/materia/37834","metadata":{},"numero":262,"ano":2026,"numero_protocolo":null,"data_apresentacao":"2026-03-24","tipo_apresentacao":"E","data_publicacao":null,"numero_origem_externa":"","ano_origem_externa":null,"data_origem_externa":null,"apelido":"","dias_prazo":null,"data_fim_prazo":null,"em_tramitacao":false,"polemica":false,"objeto":"","complementar":false,"ementa":"O MEMBRO DESTE PODER, SIGNAT\u00c1RIO DO PRESENTE, FAZENDO USO DAS PRERROGATIVAS QUELHES\u00c3O CONFERIDAS PELO REGIMENTO INTERNO DESTA CASA LEGISLATIVA, VEM COM O DEVIDO ACATAMENTO, INDICA AP\u00d3S OS TR\u00c2MITES REGIMENTAIS E COM A APROVA\u00c7\u00c3O DOS ILUSTRES MEMBROS DO SOBERANO PLEN\u00c1RIO, SEJA ENCAMINHADO C\u00d3PIA DA PRESENTE PROPOSI\u00c7\u00c3O AO EXCELENT\u00cdSSIMO SENHOR JOS\u00c9 MARIA TAPAJ\u00d3S - PREFEITO MUNICIPAL DE SANTAR\u00c9M, BEM COMO AO SENHOR MARCELINO XAVIER - SECRET\u00c1RIO MUNICIPAL DE MOBILIDADE E TR\u00c2NSITO - SMT, PARA IMPLANTA\u00c7\u00c3O DE PONTOS DE APOIO PARA MOTORISTAS DE APLICATIVOS.\r\n(AUTORIA: VEREADOR ERLON ROCHA)","indexacao":"O MEMBRO DESTE PODER, SIGNAT\u00c1RIO DO PRESENTE, FAZENDO USO DAS PRERROGATIVAS QUELHES\u00c3O CONFERIDAS PELO REGIMENTO INTERNO DESTA CASA LEGISLATIVA, VEM COM O DEVIDO ACATAMENTO, INDICA AP\u00d3S OS TR\u00c2MITES REGIMENTAIS E COM A APROVA\u00c7\u00c3O DOS ILUSTRES MEMBROS DO SOBERANO PLEN\u00c1RIO, SEJA ENCAMINHADO C\u00d3PIA DA PRESENTE PROPOSI\u00c7\u00c3O AO EXCELENT\u00cdSSIMO SENHOR JOS\u00c9 MARIA TAPAJ\u00d3S - PREFEITO MUNICIPAL DE SANTAR\u00c9M, BEM COMO AO SENHOR MARCELINO XAVIER - SECRET\u00c1RIO MUNICIPAL DE MOBILIDADE E TR\u00c2NSITO - SMT, PARA IMPLANTA\u00c7\u00c3O DE PONTOS DE APOIO PARA MOTORISTAS DE APLICATIVOS.\r\n(AUTORIA: VEREADOR ERLON ROCHA)","observacao":"","resultado":"","texto_original":"http://sapl.santarem.pa.leg.br/media/sapl/public/materialegislativa/2026/37834/ind_262_2026_625_erlon_smt__em_24_03_2026.pdf","data_ultima_atualizacao":"2026-03-26T12:05:49.067654-03:00","ip":"177.130.49.77","ultima_edicao":"2026-03-26T09:04:52.805533-03:00","tipo":8,"regime_tramitacao":1,"tipo_origem_externa":null,"local_origem_externa":null,"user":87,"anexadas":[],"autores":[87]}