{"id":37840,"__str__":"Projeto de Lei Ordin\u00e1ria n\u00ba 633 de 2026","link_detail_backend":"/materia/37840","metadata":{},"numero":633,"ano":2026,"numero_protocolo":null,"data_apresentacao":"2026-03-24","tipo_apresentacao":"E","data_publicacao":null,"numero_origem_externa":"","ano_origem_externa":null,"data_origem_externa":null,"apelido":"","dias_prazo":null,"data_fim_prazo":null,"em_tramitacao":true,"polemica":false,"objeto":"","complementar":false,"ementa":"INSTITUI O DIA MUNICIPAL DO COLETOR DE LIXO E GARI NO MUNIC\u00cdPIO DE SANTAR\u00c9M E D\u00c1 OUTRAS PROVIDENCIAS. (AUTORIA: DAVID PAIVA).","indexacao":"INSTITUI O DIA MUNICIPAL DO COLETOR DE LIXO E GARI NO MUNIC\u00cdPIO DE SANTAR\u00c9M E D\u00c1 OUTRAS PROVIDENCIAS. (AUTORIA: DAVID PAIVA).","observacao":"","resultado":"","texto_original":"http://sapl.santarem.pa.leg.br/media/sapl/public/materialegislativa/2026/37840/proj_lei_633_2026__david_gari_em_24_03_2026.pdf","data_ultima_atualizacao":"2026-04-10T12:58:05.708484-03:00","ip":"177.130.49.77","ultima_edicao":"2026-03-26T09:47:03.049514-03:00","tipo":1,"regime_tramitacao":1,"tipo_origem_externa":null,"local_origem_externa":null,"user":138,"anexadas":[],"autores":[131]}