{"id":37846,"__str__":"Indica\u00e7\u00e3o n\u00ba 278 de 2026","link_detail_backend":"/materia/37846","metadata":{},"numero":278,"ano":2026,"numero_protocolo":null,"data_apresentacao":"2026-03-24","tipo_apresentacao":"E","data_publicacao":null,"numero_origem_externa":"","ano_origem_externa":null,"data_origem_externa":null,"apelido":"","dias_prazo":null,"data_fim_prazo":null,"em_tramitacao":false,"polemica":false,"objeto":"","complementar":false,"ementa":"O VEREADOR QUE ESTE SUBSCREVE, FAZENDO USO DAS PRERROGATIVAS QU\u00ca LHES-5\u00c30 ASSEGURADAS PELO REGIMENTO INTERNO DESTA CASA LEGISLATIVA, INDICA QUE AP\u00d3S OS TR\u00c2MITES REGIMENTAIS E COM A NECESS\u00c1RIA APROVA\u00c7\u00c3O DOS ILUSTRES MEMBROS DESTE SOBERANO PLEN\u00c1RIO, SEJA ENCAMINHADA C\u00d3PIA DA PRESENTE PROPOSI\u00c7\u00c3O AO EXCELENT\u00cdSSIMO SENHOR JOS\u00c9 MARIA TAPAJ\u00d3S - PREFEITO MUNICIPAL DE SANTAR\u00c9M, NO SENTIDO DE SUA EXCEL\u00caNCIA, VIABILIZAR ESTUDOS DIANTE DA SECRETARIA MUNICIPAL COMPETENTE, QUE ANALISE A POSSIBILIDADE DA INSTALA\u00c7\u00c3O DE SUPORTES OU BICICLET\u00c1RIOS PARA ESTACIONAMENTO DE BICICLETAS NAS PRA\u00c7AS, FEIRAS LIVRES E EM DIVERSAS LOCALIDADES DO MUNIC\u00cdPIO DE SANTAR\u00c9M - PA.\r\n(AUTORIA: VEREADOR ERLON ROCHA)","indexacao":"O VEREADOR QUE ESTE SUBSCREVE, FAZENDO USO DAS PRERROGATIVAS QU\u00ca LHES-5\u00c30 ASSEGURADAS PELO REGIMENTO INTERNO DESTA CASA LEGISLATIVA, INDICA QUE AP\u00d3S OS TR\u00c2MITES REGIMENTAIS E COM A NECESS\u00c1RIA APROVA\u00c7\u00c3O DOS ILUSTRES MEMBROS DESTE SOBERANO PLEN\u00c1RIO, SEJA ENCAMINHADA C\u00d3PIA DA PRESENTE PROPOSI\u00c7\u00c3O AO EXCELENT\u00cdSSIMO SENHOR JOS\u00c9 MARIA TAPAJ\u00d3S - PREFEITO MUNICIPAL DE SANTAR\u00c9M, NO SENTIDO DE SUA EXCEL\u00caNCIA, VIABILIZAR ESTUDOS DIANTE DA SECRETARIA MUNICIPAL COMPETENTE, QUE ANALISE A POSSIBILIDADE DA INSTALA\u00c7\u00c3O DE SUPORTES OU BICICLET\u00c1RIOS PARA ESTACIONAMENTO DE BICICLETAS NAS PRA\u00c7AS, FEIRAS LIVRES E EM DIVERSAS LOCALIDADES DO MUNIC\u00cdPIO DE SANTAR\u00c9M - PA.\r\n(AUTORIA: VEREADOR ERLON ROCHA)","observacao":"","resultado":"","texto_original":"http://sapl.santarem.pa.leg.br/media/sapl/public/materialegislativa/2026/37846/ind_278_2026_598_erlon_-_pms_em_24_03_2026.pdf","data_ultima_atualizacao":"2026-03-26T12:05:50.012518-03:00","ip":"177.130.49.77","ultima_edicao":"2026-03-26T11:24:51.959047-03:00","tipo":8,"regime_tramitacao":1,"tipo_origem_externa":null,"local_origem_externa":null,"user":87,"anexadas":[],"autores":[87]}