{"id":4749,"__str__":"Projeto de Lei Ordin\u00e1ria n\u00ba 9 de 2017","link_detail_backend":"/materia/4749","metadata":{},"numero":9,"ano":2017,"numero_protocolo":null,"data_apresentacao":"2017-05-23","tipo_apresentacao":"E","data_publicacao":null,"numero_origem_externa":"","ano_origem_externa":null,"data_origem_externa":null,"apelido":"","dias_prazo":null,"data_fim_prazo":null,"em_tramitacao":false,"polemica":null,"objeto":"","complementar":null,"ementa":"INSTITUI NO MUNIC\u00cdPIO DE SANTAR\u00c9M O PLANO MUNICIPAL DE PREVEN\u00c7\u00c3O AO SUIC\u00cdDIO.","indexacao":"INSTITUI NO MUNIC\u00cdPIO DE SANTAR\u00c9M O PLANO MUNICIPAL DE PREVEN\u00c7\u00c3O AO SUIC\u00cdDIO","observacao":"","resultado":"","texto_original":"http://sapl.santarem.pa.leg.br/media/sapl/public/materialegislativa/2017/4749/1_proj_lei__902_2017_alysson_prevencao_ao_suicidio.pdf","data_ultima_atualizacao":"2021-07-09T14:24:20.158870-03:00","ip":"177.130.60.126","ultima_edicao":"2021-07-09T14:24:20.029116-03:00","tipo":1,"regime_tramitacao":1,"tipo_origem_externa":null,"local_origem_externa":null,"user":91,"anexadas":[],"autores":[2]}