{"id":5039,"__str__":"Projeto de Lei Ordin\u00e1ria n\u00ba 1187 de 2017","link_detail_backend":"/materia/5039","metadata":{},"numero":1187,"ano":2017,"numero_protocolo":null,"data_apresentacao":"2017-08-02","tipo_apresentacao":"E","data_publicacao":null,"numero_origem_externa":"","ano_origem_externa":null,"data_origem_externa":null,"apelido":"","dias_prazo":null,"data_fim_prazo":null,"em_tramitacao":false,"polemica":null,"objeto":"","complementar":null,"ementa":"ESTABELECE O PLANO PLURIANUAL DO MUNIC\u00cdPIO DE SANTAR\u00c9M, ESTADO DO PAR\u00c1, PARA O PER\u00cdODO DE 2018 A 2021.","indexacao":"ESTABELECE O PLANO PLURIANUAL DO MUNIC\u00cdPIO DE SANTAR\u00c9M, ESTADO DO PAR\u00c1, PARA O PER\u00cdODO DE 2018 A 2021","observacao":"","resultado":"","texto_original":"http://sapl.santarem.pa.leg.br/media/sapl/public/materialegislativa/2017/5039/5039_texto_integral.pdf","data_ultima_atualizacao":"2021-07-09T12:37:29.037817-03:00","ip":"177.130.60.126","ultima_edicao":"2021-07-09T12:37:28.913049-03:00","tipo":1,"regime_tramitacao":1,"tipo_origem_externa":null,"local_origem_externa":null,"user":49,"anexadas":[],"autores":[22]}