{"id":5503,"__str__":"Requerimento n\u00ba 1205 de 2017","link_detail_backend":"/materia/5503","metadata":{},"numero":1205,"ano":2017,"numero_protocolo":1646,"data_apresentacao":"2017-09-25","tipo_apresentacao":"E","data_publicacao":null,"numero_origem_externa":"","ano_origem_externa":null,"data_origem_externa":null,"apelido":"","dias_prazo":null,"data_fim_prazo":null,"em_tramitacao":false,"polemica":null,"objeto":"","complementar":null,"ementa":"REQUER JUNTO A SEMINFRA, A COLOCA\u00c7\u00c3O DE LUMIN\u00c1RIAS NO POSTEAMENTO DAS COMUNIDADES DE NOVA ALIAN\u00c7A E URSO BRANCO &#8211; RAMAL DO ITUQUI, REGI\u00c3O DO ITUQUI.","indexacao":"REQUER JUNTO A SEMINFRA, A COLOCA\u00c7\u00c3O DE LUMIN\u00c1RIAS NO POSTEAMENTO DAS COMUNIDADES DE NOVA ALIAN\u00c7A E URSO BRANCO &#8211; RAMAL DO ITUQUI, REGI\u00c3O DO ITUQUI","observacao":"","resultado":"","texto_original":"http://sapl.santarem.pa.leg.br/media/sapl/public/materialegislativa/2017/5503/5503_texto_integral.pdf","data_ultima_atualizacao":"2018-10-05T09:49:58.605350-03:00","ip":"","ultima_edicao":null,"tipo":3,"regime_tramitacao":1,"tipo_origem_externa":null,"local_origem_externa":null,"user":null,"anexadas":[],"autores":[64]}