{"id":5983,"__str__":"Requerimento n\u00ba 1457 de 2017","link_detail_backend":"/materia/5983","metadata":{},"numero":1457,"ano":2017,"numero_protocolo":2024,"data_apresentacao":"2017-11-27","tipo_apresentacao":"E","data_publicacao":null,"numero_origem_externa":"","ano_origem_externa":null,"data_origem_externa":null,"apelido":"","dias_prazo":null,"data_fim_prazo":null,"em_tramitacao":false,"polemica":null,"objeto":"","complementar":null,"ementa":"REQUER JUNTO A SEMINFRA, A CONSTRU\u00c7\u00c3O DE UMA FEIRA PARA COMERCIALIZA\u00c7\u00c3O DE PEIXES, FRUTAS, VERDURAS E FARINHA, ENTRE OS BAIRROS MARACAN\u00c3 E SANTARENZINHO. ","indexacao":"A CONSTRU\u00c7\u00c3O DE UMA FEIRA PARA COMERCIALIZA\u00c7\u00c3O DE PEIXES, FRUTAS, VERDURAS E FARINHA, ENTRE OS BAIRROS MARACAN\u00c3 E SANTARENZINHO. ","observacao":"","resultado":"","texto_original":"http://sapl.santarem.pa.leg.br/media/sapl/public/materialegislativa/2017/5983/5983_texto_integral.pdf","data_ultima_atualizacao":"2018-10-05T09:50:03.812984-03:00","ip":"","ultima_edicao":null,"tipo":3,"regime_tramitacao":1,"tipo_origem_externa":null,"local_origem_externa":null,"user":null,"anexadas":[],"autores":[63]}