{"id":7629,"__str__":"Projeto de Lei Ordin\u00e1ria n\u00ba 1455 de 2018","link_detail_backend":"/materia/7629","metadata":{},"numero":1455,"ano":2018,"numero_protocolo":null,"data_apresentacao":"2018-10-10","tipo_apresentacao":"E","data_publicacao":null,"numero_origem_externa":"","ano_origem_externa":2018,"data_origem_externa":null,"apelido":"","dias_prazo":null,"data_fim_prazo":null,"em_tramitacao":false,"polemica":null,"objeto":"","complementar":null,"ementa":"DISP\u00d5E SOBRE A OBRIGATORIEDADE DA RESERVA DE 5% DE MESAS  E CADEIRAS PARA DEFICIENTES F\u00cdSICOS IDOSOS E GESTANTES NAS PRA\u00c7AS DE ALIMENTA\u00c7\u00c3O DOS SHOPPINGS CENTERS E RESTAURANTES.","indexacao":"DISP\u00d5E SOBRE A OBRIGATORIEDADE DA RESERVA DE 5% DE MESAS  E CADEIRAS PARA DEFICIENTES F\u00cdSICOS IDOSOS E GESTANTES NAS PRA\u00c7AS DE ALIMENTA\u00c7\u00c3O DOS SHOPPINGS CENTERS E RESTAURANTES.","observacao":"","resultado":"","texto_original":"http://sapl.santarem.pa.leg.br/media/sapl/public/materialegislativa/2018/7629/1_proj_lei_1455_2018_alaercio_reserva_p_deficie_qbWEuNs.pdf","data_ultima_atualizacao":"2022-04-11T10:46:40.957572-03:00","ip":"177.130.60.126","ultima_edicao":null,"tipo":1,"regime_tramitacao":1,"tipo_origem_externa":1,"local_origem_externa":2,"user":82,"anexadas":[],"autores":[57]}