{"id":8062,"__str__":"Projeto de Lei Ordin\u00e1ria n\u00ba 16 de 2019","link_detail_backend":"/materia/8062","metadata":{},"numero":16,"ano":2019,"numero_protocolo":null,"data_apresentacao":"2019-02-05","tipo_apresentacao":"E","data_publicacao":"2019-02-05","numero_origem_externa":"028","ano_origem_externa":2019,"data_origem_externa":null,"apelido":"","dias_prazo":null,"data_fim_prazo":null,"em_tramitacao":false,"polemica":null,"objeto":"","complementar":null,"ementa":"INSTITUI O DIA MUNICIPAL DO M\u00c9DICO VETERIN\u00c1RIO NO MUNIC\u00cdPIO DE SANTAR\u00c9M.","indexacao":"INSTITUI O DIA MUNICIPAL DO M\u00c9DICO VETERIN\u00c1RIO","observacao":"","resultado":"","texto_original":"http://sapl.santarem.pa.leg.br/media/sapl/public/materialegislativa/2019/8062/1_proj_lei_028_2019_ney_dia_do_medico_veterinario.pdf","data_ultima_atualizacao":"2023-01-20T12:40:23.516235-03:00","ip":"177.130.60.126","ultima_edicao":"2021-07-09T11:49:20.672597-03:00","tipo":1,"regime_tramitacao":1,"tipo_origem_externa":1,"local_origem_externa":null,"user":91,"anexadas":[],"autores":[16]}