{"id":8569,"__str__":"Mo\u00e7\u00e3o n\u00ba 48 de 2019","link_detail_backend":"/materia/8569","metadata":{},"numero":48,"ano":2019,"numero_protocolo":null,"data_apresentacao":"2019-03-13","tipo_apresentacao":"E","data_publicacao":null,"numero_origem_externa":"","ano_origem_externa":null,"data_origem_externa":null,"apelido":"","dias_prazo":null,"data_fim_prazo":null,"em_tramitacao":false,"polemica":null,"objeto":"","complementar":null,"ementa":"MO\u00c7\u00c3O DE FELICITA\u00c7\u00d5ES AO COL\u00c9GIO DOM AMANDO PELA PASSAGEM DOS 76 ANOS DE SUA EXIST\u00caNCIA QUE OCORRER\u00c1 NO DIA 14 DE MAR\u00c7O DE 2019.","indexacao":"COL\u00c9GIO DOM AMANDO PELA PASSAGEM DOS 76 ANOS DE SUA EXIST\u00caNCIA QUE OCORRER\u00c1 NO DIA 14 DE MAR\u00c7O DE 2019.","observacao":"","resultado":"","texto_original":"http://sapl.santarem.pa.leg.br/media/sapl/public/materialegislativa/2019/8569/mocao_48_2019_527_alysson_dom_amando.pdf","data_ultima_atualizacao":"2019-03-21T12:16:50.445001-03:00","ip":"","ultima_edicao":null,"tipo":7,"regime_tramitacao":1,"tipo_origem_externa":null,"local_origem_externa":null,"user":null,"anexadas":[],"autores":[38]}