{"id":8980,"__str__":"Projeto de Lei Ordin\u00e1ria n\u00ba 10 de 2019","link_detail_backend":"/materia/8980","metadata":{},"numero":10,"ano":2019,"numero_protocolo":null,"data_apresentacao":"2019-04-16","tipo_apresentacao":"E","data_publicacao":null,"numero_origem_externa":"","ano_origem_externa":null,"data_origem_externa":null,"apelido":"","dias_prazo":null,"data_fim_prazo":null,"em_tramitacao":false,"polemica":null,"objeto":"","complementar":null,"ementa":"INSTITUI A SEMANA DE ESTUDOS DAS CONSTITUI\u00c7\u00d5ES FEDERAL E ESTADUAL E DA LEI ORG\u00c2NICA NO \u00c2MBITO DO MUNIC\u00cdPIO DE SANTAR\u00c9M.","indexacao":"INSTITUI A SEMANA DE ESTUDOS DAS CONSTITUI\u00c7\u00d5ES FEDERAL E ESTADUAL E DA LEI ORG\u00c2NICA NO \u00c2MBITO DO MUNIC\u00cdPIO DE SANTAR\u00c9M.","observacao":"","resultado":"","texto_original":"http://sapl.santarem.pa.leg.br/media/sapl/public/materialegislativa/2019/8980/proj_lei_939_2019_jackson_semana_de_estudos.pdf","data_ultima_atualizacao":"2023-01-20T12:41:57.030254-03:00","ip":"177.130.60.126","ultima_edicao":"2021-07-09T11:50:30.721822-03:00","tipo":1,"regime_tramitacao":1,"tipo_origem_externa":null,"local_origem_externa":null,"user":91,"anexadas":[],"autores":[73]}