{"id":9988,"__str__":"Indica\u00e7\u00e3o n\u00ba 97 de 2019","link_detail_backend":"/materia/9988","metadata":{},"numero":97,"ano":2019,"numero_protocolo":null,"data_apresentacao":"2019-06-26","tipo_apresentacao":"E","data_publicacao":null,"numero_origem_externa":"","ano_origem_externa":null,"data_origem_externa":null,"apelido":"","dias_prazo":null,"data_fim_prazo":null,"em_tramitacao":false,"polemica":null,"objeto":"","complementar":null,"ementa":"INDICA JUNTO AO GOVERNADOR A CONSTRU\u00c7\u00c3O DE UMA ESCOLA ESTADUAL NO BAIRRO DO JUTA\u00cd, QUE ATENDER\u00c1 OS BAIRROS JUTA\u00cd, \u00c1REA VERDE, MAIC\u00c1 E DEMAIS BAIRROS.","indexacao":"GOVERNADOR A CONSTRU\u00c7\u00c3O DE UMA ESCOLA ESTADUAL NO BAIRRO DO JUTA\u00cd, QUE ATENDER\u00c1 OS BAIRROS JUTA\u00cd, \u00c1REA VERDE, MAIC\u00c1 E DEMAIS BAIRROS.","observacao":"","resultado":"","texto_original":"http://sapl.santarem.pa.leg.br/media/sapl/public/materialegislativa/2019/9988/ind_97_2019_1628_alaercio_governador.pdf","data_ultima_atualizacao":"2019-09-18T11:54:17.748385-03:00","ip":"177.130.60.126","ultima_edicao":null,"tipo":8,"regime_tramitacao":1,"tipo_origem_externa":null,"local_origem_externa":null,"user":82,"anexadas":[],"autores":[57]}