{"id":3537,"__str__":"CONTR N\u00ba 009/2025 - Contrato Administrativo","link_detail_backend":"/docadm/3537","metadata":{},"numero":9,"complemento":"","ano":2025,"data":"2025-01-02","interessado":"","dias_prazo":null,"data_fim_prazo":null,"tramitacao":false,"assunto":"Contrato Administrativo por prazo determinado de Servidor P\u00fablico Tempor\u00e1rio, que celebram a C\u00c2MARA MUNICIPAL DE SANTAR\u00c9M e ISMAELINO FIGUEIREDO DE SOUSA","numero_externo":null,"observacao":"","texto_integral":"http://sapl.santarem.pa.leg.br/media/sapl/private/documentoadministrativo/3537/contrato_adm_009_2025.pdf","restrito":false,"ip":"177.130.49.77","ultima_edicao":"2025-01-22T10:26:36.513836-03:00","tipo":17,"protocolo":null,"autor":null,"user":115,"anexados":[],"materiasvinculadas":[]}