{"headers": {"id": "ID", "ano": "Ano", "numero": "N\u00famero", "tipo__sigla": "Tipo Documento/Sigla", "tipo__descricao": "Tipo Documento/Descri\u00e7\u00e3o", "assunto": "Assunto"}, "results": [{"id": "56", "ano": "2021", "numero": "1", "tipo__sigla": "CONTR", "tipo__descricao": "Contrato Administrativo", "assunto": "Contrato Administrativo por prazo determinado de Servidor P\u00fablico Tempor\u00e1rio, que celebram a C\u00c2MARA MUNICIPAL DE SANTAR\u00c9M e MARIA JUVENILA OLIVEIRA DINIZ, como abaixo se infere."}, {"id": "57", "ano": "2021", "numero": "2", "tipo__sigla": "CONTR", "tipo__descricao": "Contrato Administrativo", "assunto": "Contrato Administrativo por prazo determinado de Servidor P\u00fablico Tempor\u00e1rio, que celebram a C\u00c2MARA MUNICIPAL DE SANTAR\u00c9M e RISONILSON VIEIRA CARDOSO, como abaixo se infere."}, {"id": "58", "ano": "2021", "numero": "3", "tipo__sigla": "CONTR", "tipo__descricao": "Contrato Administrativo", "assunto": "Contrato Administrativo por prazo determinado de Servidor P\u00fablico Tempor\u00e1rio, que celebram a C\u00c2MARA MUNICIPAL DE SANTAR\u00c9M e MIRIAN PEREIRA TRINDADE, como abaixo se infere."}, {"id": "59", "ano": "2021", "numero": "4", "tipo__sigla": "CONTR", "tipo__descricao": "Contrato Administrativo", "assunto": "Contrato Administrativo por prazo determinado de Servidor P\u00fablico Tempor\u00e1rio, que celebram a C\u00c2MARA MUNICIPAL DE SANTAR\u00c9M e RUIMERSON SANTOS VILASBOAS, como abaixo se infere."}, {"id": "60", "ano": "2021", "numero": "5", "tipo__sigla": "CONTR", "tipo__descricao": "Contrato Administrativo", "assunto": "Contrato Administrativo por prazo determinado de Servidor P\u00fablico Tempor\u00e1rio, que celebram a C\u00c2MARA MUNICIPAL DE SANTAR\u00c9M e RONALDO PATRESE BRITO ALVES, como abaixo se infere."}, {"id": "61", "ano": "2021", "numero": "6", "tipo__sigla": "CONTR", "tipo__descricao": "Contrato Administrativo", "assunto": "Contrato Administrativo por prazo determinado de Servidor P\u00fablico Tempor\u00e1rio, que celebram a C\u00c2MARA MUNICIPAL DE SANTAR\u00c9M e PATRICK DE SOUSA PONTES, como abaixo se infere."}, {"id": "62", "ano": "2021", "numero": "7", "tipo__sigla": "CONTR", "tipo__descricao": "Contrato Administrativo", "assunto": "Contrato Administrativo por prazo determinado de Servidor P\u00fablico Tempor\u00e1rio, que celebram a C\u00c2MARA MUNICIPAL DE SANTAR\u00c9M e KELZILENE CRISTIANE CRUZ DA SILVA, como abaixo se infere."}, {"id": "63", "ano": "2021", "numero": "8", "tipo__sigla": "CONTR", "tipo__descricao": "Contrato Administrativo", "assunto": "Contrato Administrativo por prazo determinado de Servidor P\u00fablico Tempor\u00e1rio, que celebram a C\u00c2MARA MUNICIPAL DE SANTAR\u00c9M e MARCOS MIROCLES PEREIRA SOUZA, como abaixo se infere."}, {"id": "64", "ano": "2021", "numero": "9", "tipo__sigla": "CONTR", "tipo__descricao": "Contrato Administrativo", "assunto": "Contrato Administrativo por prazo determinado de Servidor P\u00fablico Tempor\u00e1rio, que celebram a C\u00c2MARA MUNICIPAL DE SANTAR\u00c9M e PAULO ALVES MONTEIRO, como abaixo se infere."}, {"id": "65", "ano": "2021", "numero": "10", "tipo__sigla": "CONTR", "tipo__descricao": "Contrato Administrativo", "assunto": "Contrato Administrativo por prazo determinado de Servidor P\u00fablico Tempor\u00e1rio, que celebram a C\u00c2MARA MUNICIPAL DE SANTAR\u00c9M e MARCELO DA SILVA SANTOS, como abaixo se infere."}, {"id": "66", "ano": "2021", "numero": "11", "tipo__sigla": "CONTR", "tipo__descricao": "Contrato Administrativo", "assunto": "Contrato Administrativo por prazo determinado de Servidor P\u00fablico Tempor\u00e1rio, que celebram a C\u00c2MARA MUNICIPAL DE SANTAR\u00c9M e ANA PAULA NEVES DE LIMA, como abaixo se infere."}, {"id": "67", "ano": "2021", "numero": "12", "tipo__sigla": "CONTR", "tipo__descricao": "Contrato Administrativo", "assunto": "Contrato Administrativo por prazo determinado de Servidor P\u00fablico Tempor\u00e1rio, que celebram a C\u00c2MARA MUNICIPAL DE SANTAR\u00c9M e CARLOS CRISTIAN DE JESUS BANDEIRA, como abaixo se infere."}, {"id": "68", "ano": "2021", "numero": "13", "tipo__sigla": "CONTR", "tipo__descricao": "Contrato Administrativo", "assunto": "Contrato Administrativo por prazo determinado de Servidor P\u00fablico Tempor\u00e1rio, que celebram a C\u00c2MARA MUNICIPAL DE SANTAR\u00c9M e ELIVADO REIS DE SOUSA, como abaixo se infere."}, {"id": "250", "ano": "2021", "numero": "14", "tipo__sigla": "CONTR", "tipo__descricao": "Contrato Administrativo", "assunto": "Contrato Administrativo por prazo determinado deServidor P\u00fablico Tempor\u00e1rio, que celebram \u00e0 C\u00c2MARA MUNICIPAL DE SANTAR\u00c9M e ROSEANE MIRANDA PEREIRA, como abaixo se infere.\r\nSantar\u00e9m(PA), 01 de mar\u00e7o de 2021"}, {"id": "366", "ano": "2021", "numero": "15", "tipo__sigla": "CONTR", "tipo__descricao": "Contrato Administrativo", "assunto": "Contrato Administrativo por prazo determinado de Servidor P\u00fablico Tempor\u00e1rio, que celebram a C\u00c2MARA MUNICIPAL DE SANTAR\u00c9M e VALDIANE CALDEIRA DE SOUSA.\r\nSantar\u00e9m(PA), 06 de julho de 2021"}, {"id": "1289", "ano": "2022", "numero": "1", "tipo__sigla": "CONTR", "tipo__descricao": "Contrato Administrativo", "assunto": "INSTRUMENTO DE CONTRATO NOS TERMOS DO PREG\u00c3O SRP N\u00ba. 012/2021, QUE ENTRE SI CELEBRAM A C\u00c2MARA MUNICIPAL DE SANTAR\u00c9M E\r\nCENTRO DE INTEGRA\u00c7\u00c3O EMPRESA ESCOLA - CONTRATA\u00c7\u00c3O DE EMPRESA PRESTADORA DE SERVI\u00c7OS DE AGENTE INTEGRADOR PARA O DESENVOLVIMENTO DE ATIVIDADES COM FINS DE PROMO\u00c7\u00c3O DA INTEGRA\u00c7\u00c3O AO MERCADO DE TRABALHO, ATRAV\u00c9S DA OPERACIONALIZA\u00c7\u00c3O DE PROGRAMAS DE EST\u00c1GIO DE ESTUDANTES, ABRANGENDO O GERENCIAMENTO DO PROCESSO SELETIVO, POR MEIO DE SELE\u00c7\u00c3O P\u00daBLICA,\r\nREALIZA\u00c7\u00c3O DO PLANEJAMENTO, ADMINISTRA\u00c7\u00c3O E ACOMPANHAMENTO DAS ATIVIDADES DE EST\u00c1GIO. EST\u00c1GIO NO \u00c2MBITO DA C\u00c2MARA MUNICIPAL DE SANTAR\u00c9M.\r\nSantar\u00e9m, 07 de janeiro de 2021."}, {"id": "1282", "ano": "2022", "numero": "2", "tipo__sigla": "CONTR", "tipo__descricao": "Contrato Administrativo", "assunto": "Contrato Administrativo por prazo determinado de Servidor P\u00fablico Tempor\u00e1rio, que celebram a C\u00c2MARA MUNICIPAL DE SANTAR\u00c9M e\r\nJEFERSON JANDERI JESUS DE AZEVEDO.\r\nSantar\u00e9m(PA), 01 de mar\u00e7o de 2022."}, {"id": "1281", "ano": "2022", "numero": "3", "tipo__sigla": "CONTR", "tipo__descricao": "Contrato Administrativo", "assunto": "Contrato Administrativo por prazo determinado de Servidor P\u00fablico Tempor\u00e1rio, que celebram a C\u00c2MARA MUNICIPAL DE SANTAR\u00c9M e ELIVALDO FROES CARVALHO.\r\nSantar\u00e9m(PA), 01 de abril de 2022."}, {"id": "2132", "ano": "2023", "numero": "1", "tipo__sigla": "CONTR", "tipo__descricao": "Contrato Administrativo", "assunto": "Contrato Administrativo por prazo determinado de Servidor P\u00fablico Tempor\u00e1rio, que celebram a C\u00c2MARA MUNICIPAL DESANTAR\u00c9M e NAZARE CERDEIRA PAZ.\r\nSantar\u00e9m(PA), 03 de janeiro de 2023."}, {"id": "2133", "ano": "2023", "numero": "2", "tipo__sigla": "CONTR", "tipo__descricao": "Contrato Administrativo", "assunto": "Contrato Administrativo por prazo determinado de Servidor P\u00fablico Tempor\u00e1rio, que celebram a C\u00c2MARA MUNICIPAL DESANTAR\u00c9M e OTAVIO AUGUSTO CORREA DE ALMEIDA.\r\nSantar\u00e9m(PA), 09 de janeiro de 2023."}, {"id": "2134", "ano": "2023", "numero": "3", "tipo__sigla": "CONTR", "tipo__descricao": "Contrato Administrativo", "assunto": "Contrato Administrativo por prazo determinado de Servidor P\u00fablico Tempor\u00e1rio, que celebram a C\u00c2MARA MUNICIPAL DESANTAR\u00c9M e NILTON CESAR DE ALMEIDA SANTOS.\r\nSantar\u00e9m(PA), 09 de janeiro de 2023."}, {"id": "2135", "ano": "2023", "numero": "4", "tipo__sigla": "CONTR", "tipo__descricao": "Contrato Administrativo", "assunto": "Contrato Administrativo por prazo determinado de Servidor P\u00fablico Tempor\u00e1rio, que celebram a C\u00c2MARA MUNICIPAL DESANTAR\u00c9M e DIOGENES RENATO WILLIAN GUIMAR\u00c3ES MELO.\r\nSantar\u00e9m(PA), 10 de janeiro de 2023."}, {"id": "2136", "ano": "2023", "numero": "5", "tipo__sigla": "CONTR", "tipo__descricao": "Contrato Administrativo", "assunto": "Contrato Administrativo por prazo determinado de Servidor P\u00fablico Tempor\u00e1rio, que celebram a C\u00c2MARA MUNICIPAL DESANTAR\u00c9M e LILIA SUELEN CORREA DE ARAUJO.\r\nSantar\u00e9m(PA), 10 de janeiro de 2023."}, {"id": "2137", "ano": "2023", "numero": "6", "tipo__sigla": "CONTR", "tipo__descricao": "Contrato Administrativo", "assunto": "Contrato Administrativo por prazo determinado de Servidor P\u00fablico Tempor\u00e1rio, que celebram a C\u00c2MARA MUNICIPAL DESANTAR\u00c9M e VALDENILSON DOS ANJOS MOURA DA SILVA.\r\nSantar\u00e9m(PA), 01 de fevereiro de 2023."}, {"id": "2138", "ano": "2023", "numero": "7", "tipo__sigla": "CONTR", "tipo__descricao": "Contrato Administrativo", "assunto": "Contrato Administrativo por prazo determinado de Servidor P\u00fablico Tempor\u00e1rio, que celebram a C\u00c2MARA MUNICIPAL DE SANTAR\u00c9M e GILBERTO DE SOUSA DINELY.\r\nSantar\u00e9m(PA), 01 de fevereiro de 2023."}, {"id": "2139", "ano": "2023", "numero": "8", "tipo__sigla": "CONTR", "tipo__descricao": "Contrato Administrativo", "assunto": "Contrato Administrativo por prazo determinado de Servidor P\u00fablico Tempor\u00e1rio, que celebram a C\u00c2MARA MUNICIPAL DE SANTAR\u00c9M e MARIA NADIR DA SILVA BRASIL\r\nSantar\u00e9m(PA), 01 de fevereiro de 2023."}, {"id": "2140", "ano": "2023", "numero": "9", "tipo__sigla": "CONTR", "tipo__descricao": "Contrato Administrativo", "assunto": "Contrato Administrativo por prazo determinado de Servidor P\u00fablico Tempor\u00e1rio, que celebram a C\u00c2MARA MUNICIPAL DE SANTAR\u00c9M e RICARDO CORREA ORTIZ.\r\nSantar\u00e9m(PA), 01 de fevereiro de 2023."}, {"id": "2141", "ano": "2023", "numero": "10", "tipo__sigla": "CONTR", "tipo__descricao": "Contrato Administrativo", "assunto": "Contrato Administrativo por prazo determinado de Servidor P\u00fablico Tempor\u00e1rio, que celebram a C\u00c2MARA MUNICIPAL DE SANTAR\u00c9M e ALCILENE BEZERRA DE OLIVEIRA\r\nSantar\u00e9m(PA), 01 de fevereiro de 2023."}, {"id": "2142", "ano": "2023", "numero": "11", "tipo__sigla": "CONTR", "tipo__descricao": "Contrato Administrativo", "assunto": "Contrato Administrativo por prazo determinado de Servidor P\u00fablico Tempor\u00e1rio, que celebram a C\u00c2MARA MUNICIPAL DE SANTAR\u00c9M e ELDA OLIVEIRA DO NASCIMENTO.\r\nSantar\u00e9m(PA), 01 de fevereiro de 2023."}, {"id": "2143", "ano": "2023", "numero": "12", "tipo__sigla": "CONTR", "tipo__descricao": "Contrato Administrativo", "assunto": "Contrato Administrativo por prazo determinado de Servidor P\u00fablico Tempor\u00e1rio, que celebram a C\u00c2MARA MUNICIPAL DE SANTAR\u00c9M e JOS\u00c9 RAIMUNDO LIMA DE MELO.\r\nSantar\u00e9m(PA), 01 de fevereiro de 2023."}, {"id": "2144", "ano": "2023", "numero": "13", "tipo__sigla": "CONTR", "tipo__descricao": "Contrato Administrativo", "assunto": "Contrato Administrativo por prazo determinado de Servidor P\u00fablico Tempor\u00e1rio, que celebram a C\u00c2MARA MUNICIPAL DE SANTAR\u00c9M e MARIA DA CONCEI\u00c7\u00c3O SOARES LOIOLA,\r\nSantar\u00e9m(PA), 01 de fevereiro de 2023."}, {"id": "2288", "ano": "2023", "numero": "14", "tipo__sigla": "CONTR", "tipo__descricao": "Contrato Administrativo", "assunto": "Contrato Administrativo por prazo determinado de Servidor P\u00fablico Tempor\u00e1rio, que celebram a C\u00c2MARA MUNICIPAL DE SANTAR\u00c9M e ANA DHESSYK DA SILVA COSTA.\r\nSantar\u00e9m(PA), 01 de fevereiro de 2023."}, {"id": "2145", "ano": "2023", "numero": "15", "tipo__sigla": "CONTR", "tipo__descricao": "Contrato Administrativo", "assunto": "Contrato Administrativo por prazo determinado de Servidor P\u00fablico Tempor\u00e1rio, que celebram a C\u00c2MARA MUNICIPAL DE SANTAR\u00c9M e RONEI LUIS FERREIRA DE OLIVEIRA.\r\nSantar\u00e9m(PA), 01 de fevereiro de 2023."}, {"id": "2146", "ano": "2023", "numero": "16", "tipo__sigla": "CONTR", "tipo__descricao": "Contrato Administrativo", "assunto": "Contrato Administrativo por prazo determinado de Servidor P\u00fablico Tempor\u00e1rio, que celebram a C\u00c2MARA MUNICIPAL DE SANTAR\u00c9M e ELANA CRISTINE GOMES SIMOES.\r\nSantar\u00e9m(PA), 01 de fevereiro de 2023."}, {"id": "2289", "ano": "2023", "numero": "17", "tipo__sigla": "CONTR", "tipo__descricao": "Contrato Administrativo", "assunto": "Contrato Administrativo por prazo determinado de Servidor P\u00fablico Tempor\u00e1rio, que celebram a C\u00c2MARA MUNICIPAL DE SANTAR\u00c9M e CLELIANE REGO GARCIA.\r\nSantar\u00e9m(PA), 01 de fevereiro de 2023."}, {"id": "2147", "ano": "2023", "numero": "18", "tipo__sigla": "CONTR", "tipo__descricao": "Contrato Administrativo", "assunto": "Contrato Administrativo por prazo determinado de Servidor P\u00fablico Tempor\u00e1rio, que celebram a C\u00c2MARA MUNICIPAL DESANTAR\u00c9M e VALDEMILSON CORREA DE ANDRADE.\r\nSantar\u00e9m(PA), 01 de fevereiro de 2023."}, {"id": "2148", "ano": "2023", "numero": "19", "tipo__sigla": "CONTR", "tipo__descricao": "Contrato Administrativo", "assunto": "Contrato Administrativo por prazo determinado de Servidor P\u00fablico Tempor\u00e1rio, que celebram a C\u00c2MARA MUNICIPAL DE SANTAR\u00c9M e ALANA SANTOS SOUZA.\r\nSantar\u00e9m(PA), 02 de fevereiro de 2023."}, {"id": "2379", "ano": "2023", "numero": "20", "tipo__sigla": "CONTR", "tipo__descricao": "Contrato Administrativo", "assunto": "Contrato Administrativo por prazo determinado de Servidor P\u00fablico Tempor\u00e1rio, que celebram a C\u00c2MARA MUNICIPAL DE SANTAR\u00c9M e SHEILA COSTA SANTOS, Santar\u00e9m(PA), 11 de Julho de 2023."}, {"id": "3525", "ano": "2025", "numero": "1", "tipo__sigla": "CONTR", "tipo__descricao": "Contrato Administrativo", "assunto": "Contrato Administrativo por prazo determinado de Servidor P\u00fablico Tempor\u00e1rio, que celebram a C\u00c2MARA MUNICIPAL DE SANTAR\u00c9M e MARIA JUVENILA OLIVEIRA DINIZ"}, {"id": "3526", "ano": "2025", "numero": "2", "tipo__sigla": "CONTR", "tipo__descricao": "Contrato Administrativo", "assunto": "Contrato Administrativo por prazo determinado de Servidor P\u00fablico Tempor\u00e1rio, que celebram a C\u00c2MARA MUNICIPAL DE SANTAR\u00c9M e MIRIAN PEREIRA TRINDADE"}, {"id": "3528", "ano": "2025", "numero": "3", "tipo__sigla": "CONTR", "tipo__descricao": "Contrato Administrativo", "assunto": "Contrato Administrativo por prazo determinado de Servidor P\u00fablico Tempor\u00e1rio, que celebram a C\u00c2MARA MUNICIPAL DE SANTAR\u00c9M e MARCOS MIROCLES PEREIRA SOUZA"}, {"id": "3529", "ano": "2025", "numero": "4", "tipo__sigla": "CONTR", "tipo__descricao": "Contrato Administrativo", "assunto": "Contrato Administrativo por prazo determinado de Servidor P\u00fablico Tempor\u00e1rio, que celebram a C\u00c2MARA MUNICIPAL DE SANTAR\u00c9M e RUIMERSON SANTOS VILASBOAS"}, {"id": "3531", "ano": "2025", "numero": "5", "tipo__sigla": "CONTR", "tipo__descricao": "Contrato Administrativo", "assunto": "Contrato Administrativo por prazo determinado de Servidor P\u00fablico Tempor\u00e1rio, que celebram a C\u00c2MARA MUNICIPAL DE SANTAR\u00c9M e ELANA CRISTINE GOMES SIMOES,"}, {"id": "3532", "ano": "2025", "numero": "6", "tipo__sigla": "CONTR", "tipo__descricao": "Contrato Administrativo", "assunto": "Contrato Administrativo por prazo determinado de Servidor P\u00fablico Tempor\u00e1rio, que celebram a C\u00c2MARA MUNICIPAL DE SANTAR\u00c9M e LUCAS CAMPOS MACHADO"}, {"id": "3534", "ano": "2025", "numero": "7", "tipo__sigla": "CONTR", "tipo__descricao": "Contrato Administrativo", "assunto": "Contrato Administrativo por prazo determinado de Servidor P\u00fablico Tempor\u00e1rio, que celebram a C\u00c2MARA MUNICIPAL DE SANTAR\u00c9M e MARIA DE JESUS FONSECA DE SOUSA"}, {"id": "3535", "ano": "2025", "numero": "8", "tipo__sigla": "CONTR", "tipo__descricao": "Contrato Administrativo", "assunto": "Contrato Administrativo por prazo determinado de Servidor P\u00fablico Tempor\u00e1rio, que celebram a C\u00c2MARA MUNICIPAL DE SANTAR\u00c9M e ADENILTO REGO DE SOUSA"}, {"id": "3537", "ano": "2025", "numero": "9", "tipo__sigla": "CONTR", "tipo__descricao": "Contrato Administrativo", "assunto": "Contrato Administrativo por prazo determinado de Servidor P\u00fablico Tempor\u00e1rio, que celebram a C\u00c2MARA MUNICIPAL DE SANTAR\u00c9M e ISMAELINO FIGUEIREDO DE SOUSA"}, {"id": "3655", "ano": "2025", "numero": "10", "tipo__sigla": "CONTR", "tipo__descricao": "Contrato Administrativo", "assunto": "Contrato Administrativo por prazo determinado de Servidor P\u00fablico Tempor\u00e1rio, que celebram a C\u00c2MARA MUNICIPAL DE SANTAR\u00c9M PATRICK DE SOUSA PONTES"}, {"id": "3656", "ano": "2025", "numero": "11", "tipo__sigla": "CONTR", "tipo__descricao": "Contrato Administrativo", "assunto": "Contrato Administrativo por prazo determinado de Servidor P\u00fablico Tempor\u00e1rio, que celebram a C\u00c2MARA MUNICIPAL DE SANTAR\u00c9M e RONALDO PATRESE BRITO ALVES."}, {"id": "3657", "ano": "2025", "numero": "12", "tipo__sigla": "CONTR", "tipo__descricao": "Contrato Administrativo", "assunto": "Contrato Administrativo por prazo determinado de Servidor P\u00fablico Tempor\u00e1rio, que celebram a C\u00c2MARA MUNICIPAL DE SANTAR\u00c9M e ELIVADO REIS DE SOUSA."}, {"id": "3658", "ano": "2025", "numero": "13", "tipo__sigla": "CONTR", "tipo__descricao": "Contrato Administrativo", "assunto": "Contrato Administrativo por prazo determinado de Servidor P\u00fablico Tempor\u00e1rio, que celebram a C\u00c2MARA MUNICIPAL DE SANTAR\u00c9M e MARIA JOS\u00c9 DO CARMO SILVA."}, {"id": "3659", "ano": "2025", "numero": "14", "tipo__sigla": "CONTR", "tipo__descricao": "Contrato Administrativo", "assunto": "Contrato Administrativo por prazo determinado de Servidor P\u00fablico Tempor\u00e1rio, que celebram a C\u00c2MARA MUNICIPAL DE SANTAR\u00c9M e AGENOR OLIVEIRA GUIMAR\u00c3ES."}, {"id": "3660", "ano": "2025", "numero": "15", "tipo__sigla": "CONTR", "tipo__descricao": "Contrato Administrativo", "assunto": "Contrato Administrativo por prazo determinado de Servidor P\u00fablico Tempor\u00e1rio, que celebram a C\u00c2MARA MUNICIPAL DE SANTAR\u00c9M e HELIOSANDRE DOS ANJOS MEIRA"}, {"id": "3661", "ano": "2025", "numero": "16", "tipo__sigla": "CONTR", "tipo__descricao": "Contrato Administrativo", "assunto": "Contrato Administrativo por prazo determinado de Servidor P\u00fablico Tempor\u00e1rio, que celebram a C\u00c2MARA MUNICIPAL DE SANTAR\u00c9M e ANAPAULA NEVES DE LIMA."}, {"id": "3662", "ano": "2025", "numero": "17", "tipo__sigla": "CONTR", "tipo__descricao": "Contrato Administrativo", "assunto": "Contrato Administrativo por prazo determinado de Servidor P\u00fablico Tempor\u00e1rio, que celebram a C\u00c2MARA MUNICIPAL DE SANTAR\u00c9M e RUBINEI JEAN DE CASTRO."}, {"id": "3663", "ano": "2025", "numero": "18", "tipo__sigla": "CONTR", "tipo__descricao": "Contrato Administrativo", "assunto": "Contrato Administrativo por prazo determinado de Servidor P\u00fablico Tempor\u00e1rio, que celebram a C\u00c2MARA MUNICIPAL DE SANTAR\u00c9M e CARLOS DELEON CARVALHO DE MIRANDA."}, {"id": "3664", "ano": "2025", "numero": "19", "tipo__sigla": "CONTR", "tipo__descricao": "Contrato Administrativo", "assunto": "Contrato Administrativo por prazo determinado de Servidor P\u00fablico Tempor\u00e1rio, que celebram a C\u00c2MARA MUNICIPAL DE SANTAR\u00c9M e PEDROPAULO PEREIRA MIRANDA,"}, {"id": "3665", "ano": "2025", "numero": "20", "tipo__sigla": "CONTR", "tipo__descricao": "Contrato Administrativo", "assunto": "Contrato Administrativo por prazo determinado de Servidor P\u00fablico Tempor\u00e1rio, que celebram a C\u00c2MARA MUNICIPAL DE SANTAR\u00c9M e CARLOS CRISTIAN DE JESUS BANDEIRA."}, {"id": "3666", "ano": "2025", "numero": "21", "tipo__sigla": "CONTR", "tipo__descricao": "Contrato Administrativo", "assunto": "Contrato Administrativo por prazo determinado de Servidor P\u00fablico Tempor\u00e1rio, que celebram a C\u00c2MARA MUNICIPAL DE SANTAR\u00c9M e HELOISA DA SILVA PINHEIRO."}, {"id": "3667", "ano": "2025", "numero": "22", "tipo__sigla": "CONTR", "tipo__descricao": "Contrato Administrativo", "assunto": "Contrato Administrativo por prazo determinado de Servidor P\u00fablico Tempor\u00e1rio, que celebram a C\u00c2MARA MUNICIPAL DE SANTAR\u00c9M e MARCIA CRISTINA REIS PEDROSO."}, {"id": "3668", "ano": "2025", "numero": "23", "tipo__sigla": "CONTR", "tipo__descricao": "Contrato Administrativo", "assunto": "Contrato Administrativo por prazo determinado de Servidor P\u00fablico Tempor\u00e1rio, que celebram a C\u00c2MARA MUNICIPAL DE SANTAR\u00c9M e CLAYTON LUIS CORR\u00caA ARA\u00daJO."}, {"id": "3669", "ano": "2025", "numero": "24", "tipo__sigla": "CONTR", "tipo__descricao": "Contrato Administrativo", "assunto": "Contrato Administrativo por prazo determinado de Servidor P\u00fablico Tempor\u00e1rio, que celebram a C\u00c2MARA MUNICIPAL DE SANTAR\u00c9M e LUISEDUARDO SILVA FERREIRA."}, {"id": "3670", "ano": "2025", "numero": "25", "tipo__sigla": "CONTR", "tipo__descricao": "Contrato Administrativo", "assunto": "Contrato Administrativo por prazo determinado de Servidor P\u00fablico Tempor\u00e1rio, que celebram a C\u00c2MARA MUNICIPAL DE SANTAR\u00c9M e ARTHUR MARQUES LOPES."}, {"id": "3731", "ano": "2025", "numero": "26", "tipo__sigla": "CONTR", "tipo__descricao": "Contrato Administrativo", "assunto": "CONTRATO ADMINISTRATIVO POR PRAZO DETERMINADO DE SERVIDOR P\u00daBLICO TEMPOR\u00c1RIO, QUE CELEBRAM A C\u00c2MARA MUNICIPAL DE SANTAR\u00c9M E MARLUCYA VASCONCELOS NAZARE LOPES,COMO ABAIXO SE INFERE"}, {"id": "3732", "ano": "2025", "numero": "27", "tipo__sigla": "CONTR", "tipo__descricao": "Contrato Administrativo", "assunto": "CONTRATO ADMINISTRATIVO POR PRAZO DETERMINADO DE SERVIDOR P\u00daBLICO TEMPOR\u00c1RIO, QUE CELEBRAM A C\u00c2MARA MUNICIPAL DE SANTAR\u00c9M E MARIA RAIMUNDA FONSECA E SOUZA, COMO ABAIXO SE INFERE."}, {"id": "3798", "ano": "2025", "numero": "28", "tipo__sigla": "CONTR", "tipo__descricao": "Contrato Administrativo", "assunto": "CONTRATO ADMINISTRATIVO POR PRAZO DETERMINADO DE SERVIDOR P\u00daBLICO TEMPOR\u00c1RIO, QUE CELEBRAM A C\u00c2MARA MUNICIPAL DESANTAR\u00c9M E ADRIANA MARIA LOPES DE SOUSA, COMO ABAIXO SE INFERE."}, {"id": "3799", "ano": "2025", "numero": "29", "tipo__sigla": "CONTR", "tipo__descricao": "Contrato Administrativo", "assunto": "CONTRATO ADMINISTRATIVO POR PRAZO DETERMINADO DE SERVIDOR P\u00daBLICO TEMPOR\u00c1RIO, QUE CELEBRAM A C\u00c2MARA MUNICIPAL DESANTAR\u00c9M E ANAZILDA AMARAL DE VACONCELOS, COMO ABAIXO SE INFERE."}, {"id": "3800", "ano": "2025", "numero": "30", "tipo__sigla": "CONTR", "tipo__descricao": "Contrato Administrativo", "assunto": "CONTRATO ADMINISTRATIVO POR PRAZO DETERMINADO DE SERVIDOR P\u00daBLICO TEMPOR\u00c1RIO, QUE CELEBRAM A C\u00c2MARA MUNICIPAL DE SANTAR\u00c9M E ALESSANDRO SILVA DOS SANTOS, COMO ABAIXO SE INFERE."}, {"id": "3876", "ano": "2025", "numero": "31", "tipo__sigla": "CONTR", "tipo__descricao": "Contrato Administrativo", "assunto": "CONTRATO ADMINISTRATIVO POR PRAZO DETERMINADO DE SERVIDOR P\u00daBLICO TEMPOR\u00c1RIO, QUE CELEBRAM A C\u00c2MARA MUNICIPAL DE SANTAR\u00c9M E EDUARDO PINTO PEREIRA, COMO ABAIXO SE INFERE."}, {"id": "3878", "ano": "2025", "numero": "32", "tipo__sigla": "CONTR", "tipo__descricao": "Contrato Administrativo", "assunto": "CONTRATO ADMINISTRATIVO POR PRAZO DETERMINADO DE SERVIDOR P\u00daBLICO TEMPOR\u00c1RIO, QUE CELEBRAM A C\u00c2MARA MUNICIPAL DESANTAR\u00c9M E NATALIA ADRIANA MAIA CAMPOS, COMO A BAIXO SE INFERE."}, {"id": "4022", "ano": "2026", "numero": "1", "tipo__sigla": "CONTR", "tipo__descricao": "Contrato Administrativo", "assunto": "CONTRATO ADMINISTRATIVO POR PRAZO DETERMINADO DE SERVIDOR P\u00daBLICO TEMPOR\u00c1RIO, QUE CELEBRAM A C\u00c2MARA MUNICIPAL DE SANTAR\u00c9M E RAFAEL JOSE DELGADO DA CUNHA"}]}