{"headers": {"id": "ID", "periodo": "Per\u00edodo", "titulo": "Mat\u00e9ria", "autor": "Autor", "ementa": "Ementa", "situacao": "Situa\u00e7\u00e3o"}, "results": [{"id": 8980, "periodo": "ordem dia", "titulo": "Projeto de Lei Ordin\u00e1ria n\u00ba 10 de 2019", "autor": "JACKSON DO FOLCLORE", "ementa": "INSTITUI A SEMANA DE ESTUDOS DAS CONSTITUI\u00c7\u00d5ES FEDERAL E ESTADUAL E DA LEI ORG\u00c2NICA NO \u00c2MBITO DO MUNIC\u00cdPIO DE SANTAR\u00c9M.", "situacao": "Mat\u00e9ria Inclu\u00edda na Pauta de Vota\u00e7\u00f5es"}, {"id": 8062, "periodo": "ordem dia", "titulo": "Projeto de Lei Ordin\u00e1ria n\u00ba 16 de 2019", "autor": "NEY SANTANA", "ementa": "INSTITUI O DIA MUNICIPAL DO M\u00c9DICO VETERIN\u00c1RIO NO MUNIC\u00cdPIO DE SANTAR\u00c9M.", "situacao": "Devolvido ao Presidente da 2\u00aa Comiss\u00e3o com Parecer"}, {"id": 11792, "periodo": "ordem dia", "titulo": "Projeto de Lei Ordin\u00e1ria n\u00ba 424 de 2013", "autor": "DAYAN SERIQUE", "ementa": "PARA USO DE COLETORES SELETIVOS PL\u00c1STICOS E OU RECICLADOS DE LIXO NO MUNIC\u00cdPIO DE SANTAR\u00c9M PAR\u00c1.", "situacao": "Devolvido ao Presidente da 2\u00aa Comiss\u00e3o com Parecer"}, {"id": 9774, "periodo": "ordem dia", "titulo": "Projeto de Lei Ordin\u00e1ria n\u00ba 1344 de 2019", "autor": "DAYAN SERIQUE", "ementa": "DISP\u00d5E SOBRE A NOMENCLATURA DO ESPA\u00c7O P\u00daBLICO \"PARQUE DA CIDADE\" E D\u00c1 OUTRAS PROVID\u00caNCIAS.", "situacao": "Encaminhado ao Relator"}, {"id": 11231, "periodo": "ordem dia", "titulo": "Projeto de Lei Ordin\u00e1ria n\u00ba 11 de 2019", "autor": "MARIA JOS\u00c9 MAIA", "ementa": "DISP\u00d5E SOBRE A CONCESS\u00c3O DE UTILIDADE P\u00daBLICA PARA O MUNIC\u00cdPIO DE SANTAR\u00c9M \u00c0 ASSOCIA\u00c7\u00c3O SANTARENA DE DESPORTO PARAL\u00cdMPICO-ASDEPA.", "situacao": "Encaminhado ao Relator"}]}